{"id":4229,"date":"2024-04-16T16:02:52","date_gmt":"2024-04-16T16:02:52","guid":{"rendered":"https:\/\/positivetly.cl\/?p=4229"},"modified":"2024-04-16T16:08:37","modified_gmt":"2024-04-16T16:08:37","slug":"positivetly-presente-en-congreso-veterinario-de-limari","status":"publish","type":"post","link":"https:\/\/positivetly.cl\/en\/positivetly-presente-en-congreso-veterinario-de-limari\/","title":{"rendered":"\u00a1Presentes en Congreso Veterinario de Limar\u00ed!"},"content":{"rendered":"<div data-elementor-type=\"wp-post\" data-elementor-id=\"4229\" class=\"elementor elementor-4229\">\n\t\t\t\t\t\t<section class=\"has_eae_slider elementor-section elementor-top-section elementor-element elementor-element-9e984bc elementor-section-boxed elementor-section-height-default elementor-section-height-default\" data-eae-slider=\"78324\" data-id=\"9e984bc\" data-element_type=\"section\">\n\t\t\t\t\t\t<div class=\"elementor-container elementor-column-gap-default\">\n\t\t\t\t\t<div class=\"has_eae_slider elementor-column elementor-col-100 elementor-top-column elementor-element elementor-element-0ab5960\" data-eae-slider=\"34868\" data-id=\"0ab5960\" data-element_type=\"column\">\n\t\t\t<div class=\"elementor-widget-wrap elementor-element-populated\">\n\t\t\t\t\t\t<div class=\"elementor-element elementor-element-6a83ce4 elementor-widget elementor-widget-image\" data-id=\"6a83ce4\" data-element_type=\"widget\" data-widget_type=\"image.default\">\n\t\t\t\t<div class=\"elementor-widget-container\">\n\t\t\t\t\t\t\t\t\t\t\t\t\t<img fetchpriority=\"high\" decoding=\"async\" width=\"589\" height=\"566\" src=\"https:\/\/positivetly.cl\/wp-content\/uploads\/2024\/04\/cvet-limari.png\" class=\"attachment-large size-large wp-image-4232\" alt=\"\" srcset=\"https:\/\/positivetly.cl\/wp-content\/uploads\/2024\/04\/cvet-limari.png 589w, https:\/\/positivetly.cl\/wp-content\/uploads\/2024\/04\/cvet-limari-300x288.png 300w, https:\/\/positivetly.cl\/wp-content\/uploads\/2024\/04\/cvet-limari-12x12.png 12w\" sizes=\"(max-width: 589px) 100vw, 589px\" \/>\t\t\t\t\t\t\t\t\t\t\t\t\t<\/div>\n\t\t\t\t<\/div>\n\t\t\t\t\t<\/div>\n\t\t<\/div>\n\t\t\t\t\t<\/div>\n\t\t<\/section>\n\t\t\t\t<section class=\"has_eae_slider elementor-section elementor-top-section elementor-element elementor-element-0822334 elementor-section-boxed elementor-section-height-default elementor-section-height-default\" data-eae-slider=\"25238\" data-id=\"0822334\" data-element_type=\"section\">\n\t\t\t\t\t\t<div class=\"elementor-container elementor-column-gap-default\">\n\t\t\t\t\t<div class=\"has_eae_slider elementor-column elementor-col-100 elementor-top-column elementor-element elementor-element-5484984\" data-eae-slider=\"96019\" data-id=\"5484984\" data-element_type=\"column\">\n\t\t\t<div class=\"elementor-widget-wrap elementor-element-populated\">\n\t\t\t\t\t\t<div class=\"elementor-element elementor-element-139cca4 elementor-widget elementor-widget-text-editor\" data-id=\"139cca4\" data-element_type=\"widget\" data-widget_type=\"text-editor.default\">\n\t\t\t\t<div class=\"elementor-widget-container\">\n\t\t\t\t\t\t\t<p style=\"margin-top: 15pt; background-image: initial; background-position: initial; background-size: initial; background-repeat: initial; background-attachment: initial; background-origin: initial; background-clip: initial;\"><strong><span style=\"font-size: 16pt; font-family: Roboto;\">Este 06 y 07 de Junio<\/span><\/strong><span style=\"font-size: 16pt; font-family: Roboto;\">\u00a0se llevar\u00e1 a cabo el <b>Congreso Veterinario de Limar\u00ed\u00a0 <\/b>(<a href=\"https:\/\/www.instagram.com\/cvetlimari\/\">@cvetlimari<\/a>) donde Eileen Fell, Vetcoach y parte del equipo de Positivetly estar\u00e1 presentando su charla titulada\u00a0<\/span><strong><span style=\"font-size: 16.0pt; font-family: Roboto; mso-fareast-font-family: 'Times New Roman'; mso-fareast-theme-font: major-fareast; color: #ff6600;\">\u201c\u00bfCu\u00e1les son tus super poderes, c\u00f3mo y cu\u00e1ndo usarlos?\u201d<\/span><\/strong><span style=\"font-size: 16pt; font-family: Roboto;\">\u00a0the day\u00a0<\/span><strong><span style=\"font-size: 16pt; font-family: Roboto;\">06 de Junio a las 09.30 horas (Chile).<\/span><\/strong><span style=\"font-size: 16pt; font-family: Roboto;\">\u00a0<\/span><\/p><p style=\"margin-top: 15pt; background-image: initial; background-position: initial; background-size: initial; background-repeat: initial; background-attachment: initial; background-origin: initial; background-clip: initial;\"><span style=\"font-size: 16pt; font-family: Roboto;\">Su ponencia se enfoca en c\u00f3mo las herramientas de la psicolog\u00eda positiva o ciencia de la felicidad le pueden ayudar a los m\u00e9dicos veterinarios a conocerse y enfrentar sus desaf\u00edos de una manera diferente, enfocado desde y hacia su bienestar y el bienestar de sus colegas.<\/span><\/p><p>\u00a0<\/p><p style=\"margin-top: 15pt; background-image: initial; background-position: initial; background-size: initial; background-repeat: initial; background-attachment: initial; background-origin: initial; background-clip: initial;\"><span style=\"font-size: 16pt; font-family: Roboto;\">\u201cEstoy muy contenta por este desaf\u00edo, espero poder aportar herramientas para que todos los m\u00e9dicos veterinarios que tienen dificultades para afrontar desaf\u00edos en su d\u00eda a d\u00eda o con su cl\u00ednica veterinaria puedan hacerlo de una mejor manera, con un enfoque hacia su propio bienestar, sabiendo utilizar los tremendos superpoderes que tienen \u00a1Nos vemos ah\u00ed!\u201d \u2013 <i>Eileen Fell<\/i><br \/><br \/><\/span><span style=\"color: black; mso-color-alt: windowtext;\"><a href=\"https:\/\/docs.google.com\/forms\/d\/e\/1FAIpQLSekAp842hlIJHpWpW9ruPT_5xJJW9lmgerx8SO0DKIwVsOO3A\/viewform\"><span style=\"font-size: 16.0pt; font-family: Roboto; mso-fareast-font-family: 'Times New Roman'; mso-fareast-theme-font: major-fareast; color: #ff6600;\">\u00a1Inscr\u00edbete aqu\u00ed!<\/span><\/a><\/span><\/p>\t\t\t\t\t\t<\/div>\n\t\t\t\t<\/div>\n\t\t\t\t\t<\/div>\n\t\t<\/div>\n\t\t\t\t\t<\/div>\n\t\t<\/section>\n\t\t\t\t<\/div>","protected":false},"excerpt":{"rendered":"<p>Este 06 y 07 de Junio\u00a0se llevar\u00e1 a cabo el Congreso Veterinario de Limar\u00ed\u00a0 (@cvetlimari) donde Eileen Fell, Vetcoach y parte del equipo de Positivetly estar\u00e1 presentando su charla titulada\u00a0\u201c\u00bfCu\u00e1les son tus super poderes, c\u00f3mo y cu\u00e1ndo usarlos?\u201d\u00a0el d\u00eda\u00a006 de Junio a las 09.30 horas (Chile).\u00a0 Su ponencia se enfoca en c\u00f3mo las herramientas de [&hellip;]<\/p>\n","protected":false},"author":1,"featured_media":4232,"comment_status":"open","ping_status":"open","sticky":false,"template":"","format":"standard","meta":{"footnotes":""},"categories":[3],"tags":[10,9,13],"class_list":{"0":"post-4229","1":"post","2":"type-post","3":"status-publish","4":"format-standard","5":"has-post-thumbnail","7":"category-noticia","8":"tag-congreso","9":"tag-congreso-veterinario-limari","10":"tag-vetcoach","11":"czr-hentry"},"_links":{"self":[{"href":"https:\/\/positivetly.cl\/en\/wp-json\/wp\/v2\/posts\/4229","targetHints":{"allow":["GET"]}}],"collection":[{"href":"https:\/\/positivetly.cl\/en\/wp-json\/wp\/v2\/posts"}],"about":[{"href":"https:\/\/positivetly.cl\/en\/wp-json\/wp\/v2\/types\/post"}],"author":[{"embeddable":true,"href":"https:\/\/positivetly.cl\/en\/wp-json\/wp\/v2\/users\/1"}],"replies":[{"embeddable":true,"href":"https:\/\/positivetly.cl\/en\/wp-json\/wp\/v2\/comments?post=4229"}],"version-history":[{"count":7,"href":"https:\/\/positivetly.cl\/en\/wp-json\/wp\/v2\/posts\/4229\/revisions"}],"predecessor-version":[{"id":4238,"href":"https:\/\/positivetly.cl\/en\/wp-json\/wp\/v2\/posts\/4229\/revisions\/4238"}],"wp:featuredmedia":[{"embeddable":true,"href":"https:\/\/positivetly.cl\/en\/wp-json\/wp\/v2\/media\/4232"}],"wp:attachment":[{"href":"https:\/\/positivetly.cl\/en\/wp-json\/wp\/v2\/media?parent=4229"}],"wp:term":[{"taxonomy":"category","embeddable":true,"href":"https:\/\/positivetly.cl\/en\/wp-json\/wp\/v2\/categories?post=4229"},{"taxonomy":"post_tag","embeddable":true,"href":"https:\/\/positivetly.cl\/en\/wp-json\/wp\/v2\/tags?post=4229"}],"curies":[{"name":"wp","href":"https:\/\/api.w.org\/{rel}","templated":true}]}}